{"id":13322,"date":"2020-07-13T00:14:21","date_gmt":"2020-07-13T00:14:21","guid":{"rendered":"http:\/\/allanhardingmackay.ca\/courtpainter\/?p=13322"},"modified":"2020-07-13T00:14:21","modified_gmt":"2020-07-13T00:14:21","slug":"now-theres-an-idea","status":"publish","type":"post","link":"https:\/\/allanhardingmackay.ca\/courtpainter\/?p=13322","title":{"rendered":"Now there&#8217;s an idea&#8230;"},"content":{"rendered":"\n<figure class=\"wp-block-gallery columns-0 is-cropped wp-block-gallery-1 is-layout-flex wp-block-gallery-is-layout-flex\"><ul class=\"blocks-gallery-grid\"><\/ul><\/figure>\n\n\n\n<figure class=\"wp-block-image size-large\"><img loading=\"lazy\" decoding=\"async\" width=\"1000\" height=\"695\" src=\"https:\/\/allanhardingmackay.ca\/courtpainter\/wp-content\/uploads\/2020\/07\/Court-Painter-Justin-T.jpg\" alt=\"\" class=\"wp-image-13336\" srcset=\"https:\/\/allanhardingmackay.ca\/courtpainter\/wp-content\/uploads\/2020\/07\/Court-Painter-Justin-T.jpg 1000w, https:\/\/allanhardingmackay.ca\/courtpainter\/wp-content\/uploads\/2020\/07\/Court-Painter-Justin-T-300x209.jpg 300w, https:\/\/allanhardingmackay.ca\/courtpainter\/wp-content\/uploads\/2020\/07\/Court-Painter-Justin-T-768x534.jpg 768w\" sizes=\"auto, (max-width: 709px) 85vw, (max-width: 909px) 67vw, (max-width: 1362px) 62vw, 840px\" \/><\/figure>\n\n\n\n<p><strong>Chrystia<\/strong> <strong>Freeland Should Act As PM While Trudeau Investigated For WE Charity Deal: <\/strong>Bloc Qu\u00e9b\u00e9cois Leader Yves-Fran\u00e7ois Blanchet<\/p>\n\n\n\n<p>OTTAWA \u2014 Prime Minister Justin Trudeau needs to temporarily step aside and let his deputy, Chrystia Freeland, take over while he remains at the centre of another ethics investigation, the Bloc Qu\u00e9b\u00e9cois said Thursday.<\/p>\n\n\n\n<figure class=\"wp-block-image size-large is-resized\"><img loading=\"lazy\" decoding=\"async\" src=\"https:\/\/allanhardingmackay.ca\/courtpainter\/wp-content\/uploads\/2020\/07\/go-to-1.jpg\" alt=\"\" class=\"wp-image-13333\" width=\"600\" height=\"821\" srcset=\"https:\/\/allanhardingmackay.ca\/courtpainter\/wp-content\/uploads\/2020\/07\/go-to-1.jpg 600w, https:\/\/allanhardingmackay.ca\/courtpainter\/wp-content\/uploads\/2020\/07\/go-to-1-219x300.jpg 219w\" sizes=\"auto, (max-width: 709px) 85vw, (max-width: 909px) 67vw, (max-width: 984px) 61vw, (max-width: 1362px) 45vw, 600px\" \/><\/figure>\n\n\n\n<p>Bloc Qu\u00e9b\u00e9cois Leader Yves-Fran\u00e7ois Blanchet made the suggestion shortly after it was first revealed by <em>Canadaland<\/em> that members of the Trudeau family were paid tens of thousands of dollars to speak at WE Charity events.<\/p>\n\n\n\n<p>He added his party would offer \u201cfull collaboration\u201d in Parliament with the Liberal minority government if Freeland temporarily takes over.<\/p>\n\n\n\n<p>\u201cBecause for the time being, he cannot be considered as being qualified to keep doing the job,\u201d he said of the prime minister, who is now being investigated by the federal ethics commissioner<strong> for the third time.<\/strong><\/p>\n\n\n\n<p><\/p>\n\n\n\n<p>Blanchet\u2019s endorsement for Freeland doesn\u2019t come as a surprise. The Bloc leader spoke highly of the deputy prime minister , suggesting  that it\u2019s her time to shine.&nbsp;&nbsp;<\/p>\n\n\n\n<p>\u201cI had the impression of speaking more with a leader than I was speaking with Mr. Trudeau many times.&#8221;<\/p>\n\n\n\n<p><\/p>\n\n\n\n<p><\/p>\n\n\n\n<p>Excerpted from :<br><em>Zi-Ann Lum Politics Reporter, HuffPost Canada article 07\/10\/2020<\/em><\/p>\n\n\n\n<h2 class=\"wp-block-heading\"><strong><em>THE GO TO MINISTER<\/em><\/strong><\/h2>\n\n\n\n<figure class=\"wp-block-image size-large is-resized\"><img loading=\"lazy\" decoding=\"async\" src=\"https:\/\/allanhardingmackay.ca\/courtpainter\/wp-content\/uploads\/2020\/07\/go-to-5.jpg\" alt=\"\" class=\"wp-image-13330\" width=\"574\" height=\"800\" srcset=\"https:\/\/allanhardingmackay.ca\/courtpainter\/wp-content\/uploads\/2020\/07\/go-to-5.jpg 574w, https:\/\/allanhardingmackay.ca\/courtpainter\/wp-content\/uploads\/2020\/07\/go-to-5-215x300.jpg 215w\" sizes=\"auto, (max-width: 574px) 85vw, 574px\" \/><\/figure>\n\n\n\n<figure class=\"wp-block-image size-large\"><img loading=\"lazy\" decoding=\"async\" width=\"829\" height=\"750\" src=\"https:\/\/allanhardingmackay.ca\/courtpainter\/wp-content\/uploads\/2020\/07\/Court-Painter-GO-TO-1.jpg\" alt=\"\" class=\"wp-image-13334\" srcset=\"https:\/\/allanhardingmackay.ca\/courtpainter\/wp-content\/uploads\/2020\/07\/Court-Painter-GO-TO-1.jpg 829w, https:\/\/allanhardingmackay.ca\/courtpainter\/wp-content\/uploads\/2020\/07\/Court-Painter-GO-TO-1-300x271.jpg 300w, https:\/\/allanhardingmackay.ca\/courtpainter\/wp-content\/uploads\/2020\/07\/Court-Painter-GO-TO-1-768x695.jpg 768w\" sizes=\"auto, (max-width: 709px) 85vw, (max-width: 909px) 67vw, (max-width: 984px) 61vw, (max-width: 1362px) 45vw, 600px\" \/><\/figure>\n\n\n\n<figure class=\"wp-block-image size-large\"><img loading=\"lazy\" decoding=\"async\" width=\"609\" height=\"800\" src=\"https:\/\/allanhardingmackay.ca\/courtpainter\/wp-content\/uploads\/2020\/07\/go-to-3.jpg\" alt=\"\" class=\"wp-image-13332\" srcset=\"https:\/\/allanhardingmackay.ca\/courtpainter\/wp-content\/uploads\/2020\/07\/go-to-3.jpg 609w, https:\/\/allanhardingmackay.ca\/courtpainter\/wp-content\/uploads\/2020\/07\/go-to-3-228x300.jpg 228w\" sizes=\"auto, (max-width: 709px) 85vw, (max-width: 909px) 67vw, (max-width: 984px) 61vw, (max-width: 1362px) 45vw, 600px\" \/><\/figure>\n\n\n\n<figure class=\"wp-block-image size-large\"><img loading=\"lazy\" decoding=\"async\" width=\"616\" height=\"741\" src=\"https:\/\/allanhardingmackay.ca\/courtpainter\/wp-content\/uploads\/2020\/07\/Court-Painter-Go-To-.jpg\" alt=\"\" class=\"wp-image-13331\" srcset=\"https:\/\/allanhardingmackay.ca\/courtpainter\/wp-content\/uploads\/2020\/07\/Court-Painter-Go-To-.jpg 616w, https:\/\/allanhardingmackay.ca\/courtpainter\/wp-content\/uploads\/2020\/07\/Court-Painter-Go-To--249x300.jpg 249w\" sizes=\"auto, (max-width: 709px) 85vw, (max-width: 909px) 67vw, (max-width: 984px) 61vw, (max-width: 1362px) 45vw, 600px\" \/><\/figure>\n\n\n\n<figure class=\"wp-block-image size-large\"><img loading=\"lazy\" decoding=\"async\" width=\"530\" height=\"750\" src=\"https:\/\/allanhardingmackay.ca\/courtpainter\/wp-content\/uploads\/2020\/07\/go-to-2.jpg\" alt=\"\" class=\"wp-image-13329\" srcset=\"https:\/\/allanhardingmackay.ca\/courtpainter\/wp-content\/uploads\/2020\/07\/go-to-2.jpg 530w, https:\/\/allanhardingmackay.ca\/courtpainter\/wp-content\/uploads\/2020\/07\/go-to-2-212x300.jpg 212w\" sizes=\"auto, (max-width: 530px) 85vw, 530px\" \/><\/figure>\n\n\n\n<figure class=\"wp-block-image size-large\"><img loading=\"lazy\" decoding=\"async\" width=\"510\" height=\"790\" src=\"https:\/\/allanhardingmackay.ca\/courtpainter\/wp-content\/uploads\/2020\/07\/go-to-4.jpg\" alt=\"\" class=\"wp-image-13328\" srcset=\"https:\/\/allanhardingmackay.ca\/courtpainter\/wp-content\/uploads\/2020\/07\/go-to-4.jpg 510w, https:\/\/allanhardingmackay.ca\/courtpainter\/wp-content\/uploads\/2020\/07\/go-to-4-194x300.jpg 194w\" sizes=\"auto, (max-width: 510px) 85vw, 510px\" \/><\/figure>\n","protected":false},"excerpt":{"rendered":"<p>Chrystia Freeland Should Act As PM While Trudeau Investigated For WE Charity Deal: Bloc Qu\u00e9b\u00e9cois Leader Yves-Fran\u00e7ois Blanchet OTTAWA \u2014 Prime Minister Justin Trudeau needs to temporarily step aside and let his deputy, Chrystia Freeland, take over while he remains at the centre of another ethics investigation, the Bloc Qu\u00e9b\u00e9cois said Thursday. Bloc Qu\u00e9b\u00e9cois Leader &hellip; <a href=\"https:\/\/allanhardingmackay.ca\/courtpainter\/?p=13322\" class=\"more-link\">Continue reading<span class=\"screen-reader-text\"> &#8220;Now there&#8217;s an idea&#8230;&#8221;<\/span><\/a><\/p>\n","protected":false},"author":1,"featured_media":0,"comment_status":"closed","ping_status":"closed","sticky":false,"template":"","format":"gallery","meta":{"footnotes":""},"categories":[6],"tags":[],"class_list":["post-13322","post","type-post","status-publish","format-gallery","hentry","category-images","post_format-post-format-gallery"],"_links":{"self":[{"href":"https:\/\/allanhardingmackay.ca\/courtpainter\/index.php?rest_route=\/wp\/v2\/posts\/13322","targetHints":{"allow":["GET"]}}],"collection":[{"href":"https:\/\/allanhardingmackay.ca\/courtpainter\/index.php?rest_route=\/wp\/v2\/posts"}],"about":[{"href":"https:\/\/allanhardingmackay.ca\/courtpainter\/index.php?rest_route=\/wp\/v2\/types\/post"}],"author":[{"embeddable":true,"href":"https:\/\/allanhardingmackay.ca\/courtpainter\/index.php?rest_route=\/wp\/v2\/users\/1"}],"replies":[{"embeddable":true,"href":"https:\/\/allanhardingmackay.ca\/courtpainter\/index.php?rest_route=%2Fwp%2Fv2%2Fcomments&post=13322"}],"version-history":[{"count":9,"href":"https:\/\/allanhardingmackay.ca\/courtpainter\/index.php?rest_route=\/wp\/v2\/posts\/13322\/revisions"}],"predecessor-version":[{"id":20275,"href":"https:\/\/allanhardingmackay.ca\/courtpainter\/index.php?rest_route=\/wp\/v2\/posts\/13322\/revisions\/20275"}],"wp:attachment":[{"href":"https:\/\/allanhardingmackay.ca\/courtpainter\/index.php?rest_route=%2Fwp%2Fv2%2Fmedia&parent=13322"}],"wp:term":[{"taxonomy":"category","embeddable":true,"href":"https:\/\/allanhardingmackay.ca\/courtpainter\/index.php?rest_route=%2Fwp%2Fv2%2Fcategories&post=13322"},{"taxonomy":"post_tag","embeddable":true,"href":"https:\/\/allanhardingmackay.ca\/courtpainter\/index.php?rest_route=%2Fwp%2Fv2%2Ftags&post=13322"}],"curies":[{"name":"wp","href":"https:\/\/api.w.org\/{rel}","templated":true}]}}